{"id":967,"date":"2025-03-12T15:15:33","date_gmt":"2025-03-12T13:15:33","guid":{"rendered":"https:\/\/kaupunkitutkimuksenseura.fi\/?p=967"},"modified":"2025-03-12T15:15:33","modified_gmt":"2025-03-12T13:15:33","slug":"esitelmakutsu-kaupunkitutkimuksen-paivat-2025","status":"publish","type":"post","link":"https:\/\/kaupunkitutkimuksenseura.fi\/en\/2025\/03\/12\/esitelmakutsu-kaupunkitutkimuksen-paivat-2025\/","title":{"rendered":"Esitelm\u00e4kutsu: Kaupunkitutkimuksen p\u00e4iv\u00e4t 2025"},"content":{"rendered":"<p><strong>Esitelm\u00e4kutsu avattu<\/strong><\/p>\n<p>Vuoden 2025 Kaupunkitutkimuksen p\u00e4ivien esitelm\u00e4kutsu on avattu! Ehdotuksia voi l\u00e4hett\u00e4\u00e4 19 eri ty\u00f6ryhm\u00e4\u00e4n. Ty\u00f6ryhm\u00e4kuvaukset l\u00f6ytyv\u00e4t t\u00e4\u00e4lt\u00e4: <a href=\"https:\/\/www.kaupunkitutkimuksenpaivat.net\/tyoryhmat-2025-sessions-2025\/\">https:\/\/www.kaupunkitutkimuksenpaivat.net\/tyoryhmat-2025-sessions-2025\/<\/a><\/p>\n<p>Kaupunkitutkimuksen p\u00e4ivien teema on\u00a0<em>Tarinoiden kaupunki<\/em>. P\u00e4iv\u00e4t j\u00e4rjestet\u00e4\u00e4n Helsingiss\u00e4 Tieteiden talolla 15.-16.5.2025. P\u00e4iv\u00e4t\u00a0kokoavat yhteen laajasti kaupunkitutkimuksesta ja -suunnittelusta kiinnostuneita alan tutkijoita, ammattilaisia ja opiskelijoita.<\/p>\n<p>Esitelmien abstraktit (noin 250 sanaa) pyydet\u00e4\u00e4n osoittamaan suoraan ty\u00f6ryhmien puheenjohtajille\u00a0<strong>perjantaihin 4.4.2025 menness\u00e4<\/strong>. Ty\u00f6ryhmien\u00a0puheenjohtajien yhteystiedot l\u00f6ytyv\u00e4t jokaisen ty\u00f6ryhm\u00e4n osalta t\u00e4\u00e4lt\u00e4: <a href=\"https:\/\/www.kaupunkitutkimuksenpaivat.net\/tyoryhmat-2025-sessions-2025\/\">https:\/\/www.kaupunkitutkimuksenpaivat.net\/tyoryhmat-2025-sessions-2025\/<\/a><\/p>\n<p>Ty\u00f6ryhmiin hyv\u00e4ksyt\u00e4\u00e4n esityksi\u00e4 esimerkiksi valmiista tai tekeill\u00e4 olevista tutkimuksista, hankkeista ja opinn\u00e4ytet\u00f6ist\u00e4. My\u00f6s yleisemm\u00e4t\u00a0keskustelunavaukset ovat tervetulleita.<\/p>\n<p>Ilmoittautuminen avataan huhtikuun aikana ja samalla julkistetaan osallistumismaksut.<\/p>\n<p>***<\/p>\n<p><strong>Call for Papers now open<\/strong><\/p>\n<p>Call for Papers for Urban Studies Conference 2025 is now open! Proposals can be sent for 19 different sessions. Descriptions of sessions can be\u00a0found here:\u00a0<a href=\"https:\/\/www.kaupunkitutkimuksenpaivat.net\/tyoryhmat-2025-sessions-2025\/\">https:\/\/www.kaupunkitutkimuksenpaivat.net\/tyoryhmat-2025-sessions-2025\/<\/a><\/p>\n<p>The theme of the multidisciplinary Urban Studies Conference is\u00a0<em>City of Narratives<\/em>. The two-day event will take place in Helsinki at Tieteiden talo building on 15th\u201316th May 2025.<\/p>\n<p>Abstract proposals (approximately 250 words) to the sessions should be sent directly to the session chairs\u00a0<strong>by the 4th of April 2025<\/strong>. Contact details\u00a0for session chairs for each individual session can be found here: <a href=\"https:\/\/www.kaupunkitutkimuksenpaivat.net\/tyoryhmat-2025-sessions-2025\/\">https:\/\/www.kaupunkitutkimuksenpaivat.net\/tyoryhmat-2025-sessions-2025\/<\/a><\/p>\n<p>The registration will open in April. The participation fees will be updated shortly.<\/p>","protected":false},"excerpt":{"rendered":"<p>Esitelm\u00e4kutsu avattu Vuoden 2025 Kaupunkitutkimuksen p\u00e4ivien esitelm\u00e4kutsu on avattu! Ehdotuksia voi l\u00e4hett\u00e4\u00e4 19 eri ty\u00f6ryhm\u00e4\u00e4n. Ty\u00f6ryhm\u00e4kuvaukset l\u00f6ytyv\u00e4t t\u00e4\u00e4lt\u00e4: https:\/\/www.kaupunkitutkimuksenpaivat.net\/tyoryhmat-2025-sessions-2025\/ Kaupunkitutkimuksen p\u00e4ivien teema on\u00a0Tarinoiden kaupunki. P\u00e4iv\u00e4t j\u00e4rjestet\u00e4\u00e4n Helsingiss\u00e4 Tieteiden talolla 15.-16.5.2025. P\u00e4iv\u00e4t\u00a0kokoavat yhteen laajasti kaupunkitutkimuksesta ja -suunnittelusta kiinnostuneita alan tutkijoita, ammattilaisia ja opiskelijoita. Esitelmien abstraktit (noin 250 sanaa) pyydet\u00e4\u00e4n osoittamaan suoraan ty\u00f6ryhmien puheenjohtajille\u00a0perjantaihin 4.4.2025 menness\u00e4. Ty\u00f6ryhmien\u00a0puheenjohtajien &hellip; <\/p>\n<p class=\"link-more\"><a href=\"https:\/\/kaupunkitutkimuksenseura.fi\/en\/2025\/03\/12\/esitelmakutsu-kaupunkitutkimuksen-paivat-2025\/\" class=\"more-link\">Continue reading<span class=\"screen-reader-text\"> &#8221;Esitelm\u00e4kutsu: Kaupunkitutkimuksen p\u00e4iv\u00e4t 2025&#8221;<\/span><\/a><\/p>","protected":false},"author":1,"featured_media":0,"comment_status":"closed","ping_status":"closed","sticky":false,"template":"","format":"standard","meta":{"spay_email":""},"categories":[1],"tags":[13],"jetpack_featured_media_url":"","_links":{"self":[{"href":"https:\/\/kaupunkitutkimuksenseura.fi\/en\/wp-json\/wp\/v2\/posts\/967"}],"collection":[{"href":"https:\/\/kaupunkitutkimuksenseura.fi\/en\/wp-json\/wp\/v2\/posts"}],"about":[{"href":"https:\/\/kaupunkitutkimuksenseura.fi\/en\/wp-json\/wp\/v2\/types\/post"}],"author":[{"embeddable":true,"href":"https:\/\/kaupunkitutkimuksenseura.fi\/en\/wp-json\/wp\/v2\/users\/1"}],"replies":[{"embeddable":true,"href":"https:\/\/kaupunkitutkimuksenseura.fi\/en\/wp-json\/wp\/v2\/comments?post=967"}],"version-history":[{"count":2,"href":"https:\/\/kaupunkitutkimuksenseura.fi\/en\/wp-json\/wp\/v2\/posts\/967\/revisions"}],"predecessor-version":[{"id":969,"href":"https:\/\/kaupunkitutkimuksenseura.fi\/en\/wp-json\/wp\/v2\/posts\/967\/revisions\/969"}],"wp:attachment":[{"href":"https:\/\/kaupunkitutkimuksenseura.fi\/en\/wp-json\/wp\/v2\/media?parent=967"}],"wp:term":[{"taxonomy":"category","embeddable":true,"href":"https:\/\/kaupunkitutkimuksenseura.fi\/en\/wp-json\/wp\/v2\/categories?post=967"},{"taxonomy":"post_tag","embeddable":true,"href":"https:\/\/kaupunkitutkimuksenseura.fi\/en\/wp-json\/wp\/v2\/tags?post=967"}],"curies":[{"name":"wp","href":"https:\/\/api.w.org\/{rel}","templated":true}]}}