{"id":901,"date":"2023-11-20T19:23:26","date_gmt":"2023-11-20T17:23:26","guid":{"rendered":"https:\/\/kaupunkitutkimuksenseura.fi\/?p=901"},"modified":"2024-01-23T15:25:04","modified_gmt":"2024-01-23T13:25:04","slug":"tervetuloa-termityopajaan-24-1-2024","status":"publish","type":"post","link":"https:\/\/kaupunkitutkimuksenseura.fi\/en\/2023\/11\/20\/tervetuloa-termityopajaan-24-1-2024\/","title":{"rendered":"PERUTTU: Tervetuloa termity\u00f6pajaan 24.1.2024"},"content":{"rendered":"<p>Mitk\u00e4 ovat alamme keskeiset k\u00e4sitteet ja miten ne tulisi m\u00e4\u00e4ritell\u00e4? Miten m\u00e4\u00e4ritell\u00e4\u00e4n esimerkiksi kaupunkihistoria, kaupunkimaisema tai humanistinen kaupunkitutkimus? Kutsumme sinut pohtimaan yhdess\u00e4 n\u00e4it\u00e4 kysymyksi\u00e4 <strong>keskiviikkona 24. tammikuuta <\/strong>termity\u00f6pajassa. Ty\u00f6pajassa jatkamme syksyll\u00e4 2023 aloitettua kaupunkitutkimuksen aihealueen m\u00e4\u00e4rittely\u00e4 Tieteen termipankkiin: <a href=\"https:\/\/tieteentermipankki.fi\/wiki\/Kaupunkitutkimus\" target=\"_blank\" rel=\"noopener\">https:\/\/tieteentermipankki.fi\/wiki\/Kaupunkitutkimus<\/a>.<\/p>\n<p>Termipankin koordinaattori Harri Kettunen opastaa meit\u00e4 termity\u00f6ss\u00e4. Aloitamme klo 13.00 ja p\u00e4\u00e4t\u00e4mme klo 16.00. Paikkana on Tieteiden talon sali 207. Talkoov\u00e4elle on tarjolla my\u00f6s kahvia. My\u00f6s et\u00e4n\u00e4 voi osallistua.<\/p>\n<p>J\u00e4rjestelyj\u00e4mme helpottaa, jos ilmoittaudut etuk\u00e4teen, <strong>viim. 16.1<\/strong>. osoitteeseen <a href=\"mailto:skts@kaupunkitutkimuksenseura.fi\" target=\"_blank\" rel=\"noopener\">skts@kaupunkitutkimuksenseura.fi<\/a>. Zoom-linkki l\u00e4hetet\u00e4\u00e4n erikseen sit\u00e4 tarvitseville.<\/p>\n<p>Tervetuloa mukaan tekem\u00e4\u00e4n kaupunkitutkimuksesta entist\u00e4 n\u00e4kyv\u00e4mp\u00e4\u00e4 ja vaikuttavampaa!<\/p>","protected":false},"excerpt":{"rendered":"<p>Mitk\u00e4 ovat alamme keskeiset k\u00e4sitteet ja miten ne tulisi m\u00e4\u00e4ritell\u00e4? Miten m\u00e4\u00e4ritell\u00e4\u00e4n esimerkiksi kaupunkihistoria, kaupunkimaisema tai humanistinen kaupunkitutkimus? Kutsumme sinut pohtimaan yhdess\u00e4 n\u00e4it\u00e4 kysymyksi\u00e4 keskiviikkona 24. tammikuuta termity\u00f6pajassa. Ty\u00f6pajassa jatkamme syksyll\u00e4 2023 aloitettua kaupunkitutkimuksen aihealueen m\u00e4\u00e4rittely\u00e4 Tieteen termipankkiin: https:\/\/tieteentermipankki.fi\/wiki\/Kaupunkitutkimus. Termipankin koordinaattori Harri Kettunen opastaa meit\u00e4 termity\u00f6ss\u00e4. Aloitamme klo 13.00 ja p\u00e4\u00e4t\u00e4mme klo 16.00. Paikkana on &hellip; <\/p>\n<p class=\"link-more\"><a href=\"https:\/\/kaupunkitutkimuksenseura.fi\/en\/2023\/11\/20\/tervetuloa-termityopajaan-24-1-2024\/\" class=\"more-link\">Continue reading<span class=\"screen-reader-text\"> &#8221;PERUTTU: Tervetuloa termity\u00f6pajaan 24.1.2024&#8221;<\/span><\/a><\/p>","protected":false},"author":1,"featured_media":0,"comment_status":"closed","ping_status":"closed","sticky":false,"template":"","format":"standard","meta":{"spay_email":""},"categories":[1],"tags":[],"jetpack_featured_media_url":"","_links":{"self":[{"href":"https:\/\/kaupunkitutkimuksenseura.fi\/en\/wp-json\/wp\/v2\/posts\/901"}],"collection":[{"href":"https:\/\/kaupunkitutkimuksenseura.fi\/en\/wp-json\/wp\/v2\/posts"}],"about":[{"href":"https:\/\/kaupunkitutkimuksenseura.fi\/en\/wp-json\/wp\/v2\/types\/post"}],"author":[{"embeddable":true,"href":"https:\/\/kaupunkitutkimuksenseura.fi\/en\/wp-json\/wp\/v2\/users\/1"}],"replies":[{"embeddable":true,"href":"https:\/\/kaupunkitutkimuksenseura.fi\/en\/wp-json\/wp\/v2\/comments?post=901"}],"version-history":[{"count":3,"href":"https:\/\/kaupunkitutkimuksenseura.fi\/en\/wp-json\/wp\/v2\/posts\/901\/revisions"}],"predecessor-version":[{"id":908,"href":"https:\/\/kaupunkitutkimuksenseura.fi\/en\/wp-json\/wp\/v2\/posts\/901\/revisions\/908"}],"wp:attachment":[{"href":"https:\/\/kaupunkitutkimuksenseura.fi\/en\/wp-json\/wp\/v2\/media?parent=901"}],"wp:term":[{"taxonomy":"category","embeddable":true,"href":"https:\/\/kaupunkitutkimuksenseura.fi\/en\/wp-json\/wp\/v2\/categories?post=901"},{"taxonomy":"post_tag","embeddable":true,"href":"https:\/\/kaupunkitutkimuksenseura.fi\/en\/wp-json\/wp\/v2\/tags?post=901"}],"curies":[{"name":"wp","href":"https:\/\/api.w.org\/{rel}","templated":true}]}}