{"id":572,"date":"2006-05-01T11:56:00","date_gmt":"2006-05-01T08:56:00","guid":{"rendered":"http:\/\/uusi.kaupunkitutkimuksenseura.fi\/?p=572"},"modified":"2021-04-16T11:56:56","modified_gmt":"2021-04-16T08:56:56","slug":"05-2006-kaupunkitutkimuksen-paivat-2006","status":"publish","type":"post","link":"https:\/\/kaupunkitutkimuksenseura.fi\/en\/2006\/05\/01\/05-2006-kaupunkitutkimuksen-paivat-2006\/","title":{"rendered":"05\/2006: Kaupunkitutkimuksen p\u00e4iv\u00e4t 2006"},"content":{"rendered":"<p>P\u00e4iv\u00e4t j\u00e4rjestettiin 4.-5.5.2006 ja t\u00e4m\u00e4n vuoden aiheena oli &#8221;Kaupungit: muutos, kriisi, poikkeustila&#8221;. P\u00e4iv\u00e4t n\u00e4ytt\u00e4v\u00e4t vakiinnuttaneen paikkansa kaupunkitutkijoiden kev\u00e4isen\u00e4 kohtaamispaikkana ja keskustelufoorumina: t\u00e4n\u00e4 vuonna p\u00e4iville osallistui jo yli 200 osanottajaa! P\u00e4iville perustettiin my\u00f6s omat, pysyv\u00e4t nettisivut, jotka l\u00f6ytyv\u00e4t osoitteesta: <a rel=\"noreferrer noopener\" href=\"http:\/\/www.kaupunkitutkimuksenpaivat.net\" target=\"_blank\">http:\/\/www.kaupunkitutkimuksenpaivat.net<\/a><\/p>","protected":false},"excerpt":{"rendered":"<p>P\u00e4iv\u00e4t j\u00e4rjestettiin 4.-5.5.2006 ja t\u00e4m\u00e4n vuoden aiheena oli &#8221;Kaupungit: muutos, kriisi, poikkeustila&#8221;. P\u00e4iv\u00e4t n\u00e4ytt\u00e4v\u00e4t vakiinnuttaneen paikkansa kaupunkitutkijoiden kev\u00e4isen\u00e4 kohtaamispaikkana ja keskustelufoorumina: t\u00e4n\u00e4 vuonna p\u00e4iville osallistui jo yli 200 osanottajaa! P\u00e4iville perustettiin my\u00f6s omat, pysyv\u00e4t nettisivut, jotka l\u00f6ytyv\u00e4t osoitteesta: http:\/\/www.kaupunkitutkimuksenpaivat.net<\/p>","protected":false},"author":1,"featured_media":0,"comment_status":"closed","ping_status":"","sticky":false,"template":"","format":"standard","meta":{"spay_email":""},"categories":[5,9],"tags":[6,13],"jetpack_featured_media_url":"","_links":{"self":[{"href":"https:\/\/kaupunkitutkimuksenseura.fi\/en\/wp-json\/wp\/v2\/posts\/572"}],"collection":[{"href":"https:\/\/kaupunkitutkimuksenseura.fi\/en\/wp-json\/wp\/v2\/posts"}],"about":[{"href":"https:\/\/kaupunkitutkimuksenseura.fi\/en\/wp-json\/wp\/v2\/types\/post"}],"author":[{"embeddable":true,"href":"https:\/\/kaupunkitutkimuksenseura.fi\/en\/wp-json\/wp\/v2\/users\/1"}],"replies":[{"embeddable":true,"href":"https:\/\/kaupunkitutkimuksenseura.fi\/en\/wp-json\/wp\/v2\/comments?post=572"}],"version-history":[{"count":1,"href":"https:\/\/kaupunkitutkimuksenseura.fi\/en\/wp-json\/wp\/v2\/posts\/572\/revisions"}],"predecessor-version":[{"id":573,"href":"https:\/\/kaupunkitutkimuksenseura.fi\/en\/wp-json\/wp\/v2\/posts\/572\/revisions\/573"}],"wp:attachment":[{"href":"https:\/\/kaupunkitutkimuksenseura.fi\/en\/wp-json\/wp\/v2\/media?parent=572"}],"wp:term":[{"taxonomy":"category","embeddable":true,"href":"https:\/\/kaupunkitutkimuksenseura.fi\/en\/wp-json\/wp\/v2\/categories?post=572"},{"taxonomy":"post_tag","embeddable":true,"href":"https:\/\/kaupunkitutkimuksenseura.fi\/en\/wp-json\/wp\/v2\/tags?post=572"}],"curies":[{"name":"wp","href":"https:\/\/api.w.org\/{rel}","templated":true}]}}